{"id":2613,"date":"2021-06-18T18:43:33","date_gmt":"2021-06-18T18:43:33","guid":{"rendered":"https:\/\/www.ibero.org\/?p=2613"},"modified":"2021-06-18T19:00:26","modified_gmt":"2021-06-18T19:00:26","slug":"juneteenth","status":"publish","type":"post","link":"https:\/\/www.ibero.org\/es\/juneteenth\/","title":{"rendered":"\u00bfQu\u00e9 es Juneteenth?"},"content":{"rendered":"<div data-elementor-type=\"wp-post\" data-elementor-id=\"2613\" class=\"elementor elementor-2613\" data-elementor-post-type=\"post\">\n\t\t\t\t\t\t<section class=\"elementor-section elementor-top-section elementor-element elementor-element-1524980 elementor-section-boxed elementor-section-height-default elementor-section-height-default\" data-id=\"1524980\" data-element_type=\"section\" data-e-type=\"section\">\n\t\t\t\t\t\t<div class=\"elementor-container elementor-column-gap-default\">\n\t\t\t\t\t<div class=\"elementor-column elementor-col-100 elementor-top-column elementor-element elementor-element-9edfdb4\" data-id=\"9edfdb4\" data-element_type=\"column\" data-e-type=\"column\">\n\t\t\t<div class=\"elementor-widget-wrap\">\n\t\t\t\t\t\t\t<\/div>\n\t\t<\/div>\n\t\t\t\t\t<\/div>\n\t\t<\/section>\n\t\t\t\t<section class=\"elementor-section elementor-top-section elementor-element elementor-element-31d75ad elementor-section-boxed elementor-section-height-default elementor-section-height-default\" data-id=\"31d75ad\" data-element_type=\"section\" data-e-type=\"section\">\n\t\t\t\t\t\t<div class=\"elementor-container elementor-column-gap-default\">\n\t\t\t\t\t<div class=\"elementor-column elementor-col-50 elementor-top-column elementor-element elementor-element-be9a369\" data-id=\"be9a369\" data-element_type=\"column\" data-e-type=\"column\">\n\t\t\t<div class=\"elementor-widget-wrap elementor-element-populated\">\n\t\t\t\t\t\t<div class=\"elementor-element elementor-element-176e5b8 elementor-widget elementor-widget-image\" data-id=\"176e5b8\" data-element_type=\"widget\" data-e-type=\"widget\" data-widget_type=\"image.default\">\n\t\t\t\t<div class=\"elementor-widget-container\">\n\t\t\t\t\t\t\t\t\t\t\t\t<figure class=\"wp-caption\">\n\t\t\t\t\t\t\t\t\t\t<img fetchpriority=\"high\" decoding=\"async\" width=\"800\" height=\"482\" src=\"https:\/\/www.ibero.org\/wp-content\/uploads\/2021\/06\/Juneteenth-Flag-_-Red-Blue-1024x617.png\" class=\"attachment-large size-large wp-image-2614\" alt=\"\" srcset=\"https:\/\/www.ibero.org\/wp-content\/uploads\/2021\/06\/Juneteenth-Flag-_-Red-Blue-1024x617.png 1024w, https:\/\/www.ibero.org\/wp-content\/uploads\/2021\/06\/Juneteenth-Flag-_-Red-Blue-300x181.png 300w, https:\/\/www.ibero.org\/wp-content\/uploads\/2021\/06\/Juneteenth-Flag-_-Red-Blue-768x463.png 768w, https:\/\/www.ibero.org\/wp-content\/uploads\/2021\/06\/Juneteenth-Flag-_-Red-Blue-16x10.png 16w, https:\/\/www.ibero.org\/wp-content\/uploads\/2021\/06\/Juneteenth-Flag-_-Red-Blue.png 1060w\" sizes=\"(max-width: 800px) 100vw, 800px\" \/>\t\t\t\t\t\t\t\t\t\t\t<figcaption class=\"widget-image-caption wp-caption-text\">La bandera de Juneteenth<\/figcaption>\n\t\t\t\t\t\t\t\t\t\t<\/figure>\n\t\t\t\t\t\t\t\t\t<\/div>\n\t\t\t\t<\/div>\n\t\t\t\t\t<\/div>\n\t\t<\/div>\n\t\t\t\t<div class=\"elementor-column elementor-col-50 elementor-top-column elementor-element elementor-element-059b651\" data-id=\"059b651\" data-element_type=\"column\" data-e-type=\"column\">\n\t\t\t<div class=\"elementor-widget-wrap elementor-element-populated\">\n\t\t\t\t\t\t<div class=\"elementor-element elementor-element-7d9d367 elementor-widget elementor-widget-image\" data-id=\"7d9d367\" data-element_type=\"widget\" data-e-type=\"widget\" data-widget_type=\"image.default\">\n\t\t\t\t<div class=\"elementor-widget-container\">\n\t\t\t\t\t\t\t\t\t\t\t\t<figure class=\"wp-caption\">\n\t\t\t\t\t\t\t\t\t\t<img decoding=\"async\" width=\"800\" height=\"534\" src=\"https:\/\/www.ibero.org\/wp-content\/uploads\/2021\/06\/Juneteenth-_-Pan-African-Flag-1024x683.png\" class=\"attachment-large size-large wp-image-2615\" alt=\"\" srcset=\"https:\/\/www.ibero.org\/wp-content\/uploads\/2021\/06\/Juneteenth-_-Pan-African-Flag-1024x683.png 1024w, https:\/\/www.ibero.org\/wp-content\/uploads\/2021\/06\/Juneteenth-_-Pan-African-Flag-300x200.png 300w, https:\/\/www.ibero.org\/wp-content\/uploads\/2021\/06\/Juneteenth-_-Pan-African-Flag-768x512.png 768w, https:\/\/www.ibero.org\/wp-content\/uploads\/2021\/06\/Juneteenth-_-Pan-African-Flag-391x260.png 391w, https:\/\/www.ibero.org\/wp-content\/uploads\/2021\/06\/Juneteenth-_-Pan-African-Flag-16x12.png 16w, https:\/\/www.ibero.org\/wp-content\/uploads\/2021\/06\/Juneteenth-_-Pan-African-Flag.png 1200w\" sizes=\"(max-width: 800px) 100vw, 800px\" \/>\t\t\t\t\t\t\t\t\t\t\t<figcaption class=\"widget-image-caption wp-caption-text\">La bandera panafricana de uso frecuente para las celebraciones de Juneteenth<\/figcaption>\n\t\t\t\t\t\t\t\t\t\t<\/figure>\n\t\t\t\t\t\t\t\t\t<\/div>\n\t\t\t\t<\/div>\n\t\t\t\t\t<\/div>\n\t\t<\/div>\n\t\t\t\t\t<\/div>\n\t\t<\/section>\n\t\t\t\t<section class=\"elementor-section elementor-top-section elementor-element elementor-element-6883a7c elementor-section-boxed elementor-section-height-default elementor-section-height-default\" data-id=\"6883a7c\" data-element_type=\"section\" data-e-type=\"section\">\n\t\t\t\t\t\t<div class=\"elementor-container elementor-column-gap-default\">\n\t\t\t\t\t<div class=\"elementor-column elementor-col-100 elementor-top-column elementor-element elementor-element-8491f8d\" data-id=\"8491f8d\" data-element_type=\"column\" data-e-type=\"column\">\n\t\t\t<div class=\"elementor-widget-wrap elementor-element-populated\">\n\t\t\t\t\t\t<div class=\"elementor-element elementor-element-52a9e37 elementor-widget elementor-widget-text-editor\" data-id=\"52a9e37\" data-element_type=\"widget\" data-e-type=\"widget\" data-widget_type=\"text-editor.default\">\n\t\t\t\t<div class=\"elementor-widget-container\">\n\t\t\t\t\t\t\t\t\t<p><b>\u00bfQu\u00e9 es Juneteenth?<\/b><\/p>\n<p class=\"MsoNormal\">Para muchos estadounidenses es una novedad escuchar acerca de \u201cJuneteenth\u201d, sin embargo, no es un nuevo d\u00eda festivo. Muchos lo han celebrado anualmente desde los a\u00f1os 1860. \u201cJuneteenth\u201d es en celebraci\u00f3n a la libertad y la cultura afroamericana. La festividad conmemora la abolici\u00f3n de la esclavitud en este pa\u00eds.<o:p><\/o:p><\/p>\t\t\t\t\t\t\t\t<\/div>\n\t\t\t\t<\/div>\n\t\t\t\t\t<\/div>\n\t\t<\/div>\n\t\t\t\t\t<\/div>\n\t\t<\/section>\n\t\t\t\t<section class=\"elementor-section elementor-top-section elementor-element elementor-element-3c1b719 elementor-section-boxed elementor-section-height-default elementor-section-height-default\" data-id=\"3c1b719\" data-element_type=\"section\" data-e-type=\"section\">\n\t\t\t\t\t\t<div class=\"elementor-container elementor-column-gap-default\">\n\t\t\t\t\t<div class=\"elementor-column elementor-col-50 elementor-top-column elementor-element elementor-element-2f2b95f\" data-id=\"2f2b95f\" data-element_type=\"column\" data-e-type=\"column\">\n\t\t\t<div class=\"elementor-widget-wrap elementor-element-populated\">\n\t\t\t\t\t\t<div class=\"elementor-element elementor-element-2d2f476 elementor-widget elementor-widget-image\" data-id=\"2d2f476\" data-element_type=\"widget\" data-e-type=\"widget\" data-widget_type=\"image.default\">\n\t\t\t\t<div class=\"elementor-widget-container\">\n\t\t\t\t\t\t\t\t\t\t\t\t<figure class=\"wp-caption\">\n\t\t\t\t\t\t\t\t\t\t<img decoding=\"async\" width=\"500\" height=\"377\" src=\"https:\/\/www.ibero.org\/wp-content\/uploads\/2021\/06\/Juneteenth-celebration-1900.jpg\" class=\"attachment-large size-large wp-image-2616\" alt=\"\" srcset=\"https:\/\/www.ibero.org\/wp-content\/uploads\/2021\/06\/Juneteenth-celebration-1900.jpg 500w, https:\/\/www.ibero.org\/wp-content\/uploads\/2021\/06\/Juneteenth-celebration-1900-300x226.jpg 300w, https:\/\/www.ibero.org\/wp-content\/uploads\/2021\/06\/Juneteenth-celebration-1900-16x12.jpg 16w\" sizes=\"(max-width: 500px) 100vw, 500px\" \/>\t\t\t\t\t\t\t\t\t\t\t<figcaption class=\"widget-image-caption wp-caption-text\">Asistentes a una celebraci\u00f3n del 16 de junio, en Austin, Texas, 1900<\/figcaption>\n\t\t\t\t\t\t\t\t\t\t<\/figure>\n\t\t\t\t\t\t\t\t\t<\/div>\n\t\t\t\t<\/div>\n\t\t\t\t\t<\/div>\n\t\t<\/div>\n\t\t\t\t<div class=\"elementor-column elementor-col-50 elementor-top-column elementor-element elementor-element-fac4fdd\" data-id=\"fac4fdd\" data-element_type=\"column\" data-e-type=\"column\">\n\t\t\t<div class=\"elementor-widget-wrap elementor-element-populated\">\n\t\t\t\t\t\t<div class=\"elementor-element elementor-element-0ce3fbb elementor-widget elementor-widget-text-editor\" data-id=\"0ce3fbb\" data-element_type=\"widget\" data-e-type=\"widget\" data-widget_type=\"text-editor.default\">\n\t\t\t\t<div class=\"elementor-widget-container\">\n\t\t\t\t\t\t\t\t\t<p class=\"MsoNormal\"><b>Historia<\/b><\/p><p class=\"MsoNormal\">Si bien la Proclamaci\u00f3n de Emancipaci\u00f3n del presidente Abraham Lincoln entr\u00f3 en vigor el 1 de enero de 1863, declarando que \"todas las personas mantenidas como esclavas son, y de ahora en adelante ser\u00e1n libres,\" la esclavitud continu\u00f3 en varios estados, incluido Texas. M\u00e1s de dos a\u00f1os despu\u00e9s, el 19 de junio de 1865, llegaron noticias a Galveston, Texas, de que la Guerra Civil Estadounidense hab\u00eda terminado y que los m\u00e1s de 250,000 afroamericanos esclavizados eran libres por decreto ejecutivo.<\/p>\t\t\t\t\t\t\t\t<\/div>\n\t\t\t\t<\/div>\n\t\t\t\t\t<\/div>\n\t\t<\/div>\n\t\t\t\t\t<\/div>\n\t\t<\/section>\n\t\t\t\t<section class=\"elementor-section elementor-top-section elementor-element elementor-element-3be73a6 elementor-section-boxed elementor-section-height-default elementor-section-height-default\" data-id=\"3be73a6\" data-element_type=\"section\" data-e-type=\"section\">\n\t\t\t\t\t\t<div class=\"elementor-container elementor-column-gap-default\">\n\t\t\t\t\t<div class=\"elementor-column elementor-col-100 elementor-top-column elementor-element elementor-element-c36f771\" data-id=\"c36f771\" data-element_type=\"column\" data-e-type=\"column\">\n\t\t\t<div class=\"elementor-widget-wrap elementor-element-populated\">\n\t\t\t\t\t\t<div class=\"elementor-element elementor-element-cfc7b1f elementor-widget elementor-widget-text-editor\" data-id=\"cfc7b1f\" data-element_type=\"widget\" data-e-type=\"widget\" data-widget_type=\"text-editor.default\">\n\t\t\t\t<div class=\"elementor-widget-container\">\n\t\t\t\t\t\t\t\t\t<p class=\"MsoNormal\">Aunque muchos celebran el fin de la esclavitud en Juneteenth, la abolici\u00f3n de la esclavitud no fue oficial hasta que la 13ra enmienda a la Constituci\u00f3n de los Estados Unidos fue ratificada el 6 de diciembre de 1865.<sup>th<\/sup> amendment of the U.S. constitution was ratified on December 6, 1865.<\/p><p class=\"MsoNormal\">\u00a0<\/p><p class=\"MsoNormal\"><b>El nacimiento del festival<\/b><\/p><p class=\"MsoNormal\">Juneteenth ha sido festejado por muchos estadounidenses desde los a\u00f1os 1860 y ha sido un d\u00eda festivo en el estado de Texas desde 1979. El 17 de junio de 2021, el presidente Joseph R. Biden promulg\u00f3 oficialmente la ley declarando el D\u00eda de la Independencia Nacional de Juneteenth (Juneteenth National Independence Day) como un d\u00eda festivo federal.<\/p><p>\u00a0<\/p><p class=\"MsoNormal\">El nombre Juneteenth es una combinaci\u00f3n de \u201cJune\u201d y \u201cnineteenth,\u201d que significa \"junio\" y \"decimonoveno.\u201d<\/p>\t\t\t\t\t\t\t\t<\/div>\n\t\t\t\t<\/div>\n\t\t\t\t\t<\/div>\n\t\t<\/div>\n\t\t\t\t\t<\/div>\n\t\t<\/section>\n\t\t\t\t<section class=\"elementor-section elementor-top-section elementor-element elementor-element-83fc4ca elementor-section-boxed elementor-section-height-default elementor-section-height-default\" data-id=\"83fc4ca\" data-element_type=\"section\" data-e-type=\"section\">\n\t\t\t\t\t\t<div class=\"elementor-container elementor-column-gap-default\">\n\t\t\t\t\t<div class=\"elementor-column elementor-col-50 elementor-top-column elementor-element elementor-element-6e1b0a4\" data-id=\"6e1b0a4\" data-element_type=\"column\" data-e-type=\"column\">\n\t\t\t<div class=\"elementor-widget-wrap elementor-element-populated\">\n\t\t\t\t\t\t<div class=\"elementor-element elementor-element-819ee6a elementor-widget elementor-widget-text-editor\" data-id=\"819ee6a\" data-element_type=\"widget\" data-e-type=\"widget\" data-widget_type=\"text-editor.default\">\n\t\t\t\t<div class=\"elementor-widget-container\">\n\t\t\t\t\t\t\t\t\t<p><strong>\u00bfPor qu\u00e9 Juneteenth es importante?<\/strong><\/p><p>Juneteenth destaca la libertad y la igualdad en los Estados Unidos, pero tambi\u00e9n se trata de reconocer la existencia continua del racismo en la sociedad. La emancipaci\u00f3n de los afroamericanos esclavizados no equival\u00eda a recibir un trato justo y la igualdad de derechos, incluso hasta el d\u00eda de hoy.<\/p>\t\t\t\t\t\t\t\t<\/div>\n\t\t\t\t<\/div>\n\t\t\t\t\t<\/div>\n\t\t<\/div>\n\t\t\t\t<div class=\"elementor-column elementor-col-50 elementor-top-column elementor-element elementor-element-7aee272\" data-id=\"7aee272\" data-element_type=\"column\" data-e-type=\"column\">\n\t\t\t<div class=\"elementor-widget-wrap elementor-element-populated\">\n\t\t\t\t\t\t<div class=\"elementor-element elementor-element-5006fda elementor-widget elementor-widget-image\" data-id=\"5006fda\" data-element_type=\"widget\" data-e-type=\"widget\" data-widget_type=\"image.default\">\n\t\t\t\t<div class=\"elementor-widget-container\">\n\t\t\t\t\t\t\t\t\t\t\t\t<figure class=\"wp-caption\">\n\t\t\t\t\t\t\t\t\t\t<img loading=\"lazy\" decoding=\"async\" width=\"800\" height=\"514\" src=\"https:\/\/www.ibero.org\/wp-content\/uploads\/2021\/06\/Juneteenth-_-Biden-signs-into-law-1024x658.jpg\" class=\"attachment-large size-large wp-image-2617\" alt=\"\" srcset=\"https:\/\/www.ibero.org\/wp-content\/uploads\/2021\/06\/Juneteenth-_-Biden-signs-into-law-1024x658.jpg 1024w, https:\/\/www.ibero.org\/wp-content\/uploads\/2021\/06\/Juneteenth-_-Biden-signs-into-law-300x193.jpg 300w, https:\/\/www.ibero.org\/wp-content\/uploads\/2021\/06\/Juneteenth-_-Biden-signs-into-law-768x493.jpg 768w, https:\/\/www.ibero.org\/wp-content\/uploads\/2021\/06\/Juneteenth-_-Biden-signs-into-law-16x10.jpg 16w, https:\/\/www.ibero.org\/wp-content\/uploads\/2021\/06\/Juneteenth-_-Biden-signs-into-law.jpg 1440w\" sizes=\"(max-width: 800px) 100vw, 800px\" \/>\t\t\t\t\t\t\t\t\t\t\t<figcaption class=\"widget-image-caption wp-caption-text\">El presidente Joe Biden promulga un proyecto de ley que convierte a Juneteenth en un d\u00eda festivo nacional. Aprob\u00f3 por unanimidad el Senado de EE.UU. y la C\u00e1mara de representantes de EE.UU. por 415-14.<\/figcaption>\n\t\t\t\t\t\t\t\t\t\t<\/figure>\n\t\t\t\t\t\t\t\t\t<\/div>\n\t\t\t\t<\/div>\n\t\t\t\t\t<\/div>\n\t\t<\/div>\n\t\t\t\t\t<\/div>\n\t\t<\/section>\n\t\t\t\t<\/div>","protected":false},"excerpt":{"rendered":"<p>Juneteenth flag Pan African flag often used for Juneteenth celebrations \u00bfQu\u00e9 es Juneteenth? Many Americans across the United States are new to hearing about Juneteenth, however it is not a new holiday. It has been celebrated annually by many since the 1860s. Juneteenth is a celebration of African American freedom and culture. The holiday commemorates [&hellip;]<\/p>\n","protected":false},"author":17,"featured_media":0,"comment_status":"closed","ping_status":"open","sticky":false,"template":"","format":"standard","meta":{"_acf_changed":false,"footnotes":""},"categories":[1],"tags":[],"class_list":["post-2613","post","type-post","status-publish","format-standard","hentry","category-uncategorized"],"acf":[],"yoast_head":"<!-- This site is optimized with the Yoast SEO plugin v27.5 - https:\/\/yoast.com\/product\/yoast-seo-wordpress\/ -->\n<title>What is Juneteenth? - Ibero<\/title>\n<meta name=\"robots\" content=\"index, follow, max-snippet:-1, max-image-preview:large, max-video-preview:-1\" \/>\n<link rel=\"canonical\" href=\"https:\/\/www.ibero.org\/es\/juneteenth\/\" \/>\n<meta property=\"og:locale\" content=\"es_ES\" \/>\n<meta property=\"og:type\" content=\"article\" \/>\n<meta property=\"og:title\" content=\"What is Juneteenth? - Ibero\" \/>\n<meta property=\"og:description\" content=\"Juneteenth flag Pan African flag often used for Juneteenth celebrations \u00bfQu\u00e9 es Juneteenth? Many Americans across the United States are new to hearing about Juneteenth, however it is not a new holiday. It has been celebrated annually by many since the 1860s. Juneteenth is a celebration of African American freedom and culture. The holiday commemorates [&hellip;]\" \/>\n<meta property=\"og:url\" content=\"https:\/\/www.ibero.org\/es\/juneteenth\/\" \/>\n<meta property=\"og:site_name\" content=\"Ibero\" \/>\n<meta property=\"article:published_time\" content=\"2021-06-18T18:43:33+00:00\" \/>\n<meta property=\"article:modified_time\" content=\"2021-06-18T19:00:26+00:00\" \/>\n<meta property=\"og:image\" content=\"https:\/\/www.ibero.org\/wp-content\/uploads\/2021\/06\/Juneteenth-Flag-_-Red-Blue-1024x617.png\" \/>\n<meta name=\"author\" content=\"Ibero Admin\" \/>\n<meta name=\"twitter:card\" content=\"summary_large_image\" \/>\n<meta name=\"twitter:label1\" content=\"Escrito por\" \/>\n\t<meta name=\"twitter:data1\" content=\"Ibero Admin\" \/>\n\t<meta name=\"twitter:label2\" content=\"Tiempo de lectura\" \/>\n\t<meta name=\"twitter:data2\" content=\"3 minutos\" \/>\n<script type=\"application\/ld+json\" class=\"yoast-schema-graph\">{\"@context\":\"https:\\\/\\\/schema.org\",\"@graph\":[{\"@type\":\"Article\",\"@id\":\"https:\\\/\\\/www.ibero.org\\\/juneteenth\\\/#article\",\"isPartOf\":{\"@id\":\"https:\\\/\\\/www.ibero.org\\\/juneteenth\\\/\"},\"author\":{\"name\":\"Ibero Admin\",\"@id\":\"https:\\\/\\\/www.ibero.org\\\/#\\\/schema\\\/person\\\/b571cc38e133db09b814ddc7e9470f8e\"},\"headline\":\"What is Juneteenth?\",\"datePublished\":\"2021-06-18T18:43:33+00:00\",\"dateModified\":\"2021-06-18T19:00:26+00:00\",\"mainEntityOfPage\":{\"@id\":\"https:\\\/\\\/www.ibero.org\\\/juneteenth\\\/\"},\"wordCount\":287,\"publisher\":{\"@id\":\"https:\\\/\\\/www.ibero.org\\\/#organization\"},\"image\":{\"@id\":\"https:\\\/\\\/www.ibero.org\\\/juneteenth\\\/#primaryimage\"},\"thumbnailUrl\":\"https:\\\/\\\/www.ibero.org\\\/wp-content\\\/uploads\\\/2021\\\/06\\\/Juneteenth-Flag-_-Red-Blue-1024x617.png\",\"articleSection\":[\"Uncategorized\"],\"inLanguage\":\"es\"},{\"@type\":\"WebPage\",\"@id\":\"https:\\\/\\\/www.ibero.org\\\/juneteenth\\\/\",\"url\":\"https:\\\/\\\/www.ibero.org\\\/juneteenth\\\/\",\"name\":\"What is Juneteenth? - Ibero\",\"isPartOf\":{\"@id\":\"https:\\\/\\\/www.ibero.org\\\/#website\"},\"primaryImageOfPage\":{\"@id\":\"https:\\\/\\\/www.ibero.org\\\/juneteenth\\\/#primaryimage\"},\"image\":{\"@id\":\"https:\\\/\\\/www.ibero.org\\\/juneteenth\\\/#primaryimage\"},\"thumbnailUrl\":\"https:\\\/\\\/www.ibero.org\\\/wp-content\\\/uploads\\\/2021\\\/06\\\/Juneteenth-Flag-_-Red-Blue-1024x617.png\",\"datePublished\":\"2021-06-18T18:43:33+00:00\",\"dateModified\":\"2021-06-18T19:00:26+00:00\",\"breadcrumb\":{\"@id\":\"https:\\\/\\\/www.ibero.org\\\/juneteenth\\\/#breadcrumb\"},\"inLanguage\":\"es\",\"potentialAction\":[{\"@type\":\"ReadAction\",\"target\":[\"https:\\\/\\\/www.ibero.org\\\/juneteenth\\\/\"]}]},{\"@type\":\"ImageObject\",\"inLanguage\":\"es\",\"@id\":\"https:\\\/\\\/www.ibero.org\\\/juneteenth\\\/#primaryimage\",\"url\":\"https:\\\/\\\/www.ibero.org\\\/wp-content\\\/uploads\\\/2021\\\/06\\\/Juneteenth-Flag-_-Red-Blue-1024x617.png\",\"contentUrl\":\"https:\\\/\\\/www.ibero.org\\\/wp-content\\\/uploads\\\/2021\\\/06\\\/Juneteenth-Flag-_-Red-Blue-1024x617.png\"},{\"@type\":\"BreadcrumbList\",\"@id\":\"https:\\\/\\\/www.ibero.org\\\/juneteenth\\\/#breadcrumb\",\"itemListElement\":[{\"@type\":\"ListItem\",\"position\":1,\"name\":\"Home\",\"item\":\"https:\\\/\\\/www.ibero.org\\\/\"},{\"@type\":\"ListItem\",\"position\":2,\"name\":\"What is Juneteenth?\"}]},{\"@type\":\"WebSite\",\"@id\":\"https:\\\/\\\/www.ibero.org\\\/#website\",\"url\":\"https:\\\/\\\/www.ibero.org\\\/\",\"name\":\"Ibero\",\"description\":\"American Action League\",\"publisher\":{\"@id\":\"https:\\\/\\\/www.ibero.org\\\/#organization\"},\"potentialAction\":[{\"@type\":\"SearchAction\",\"target\":{\"@type\":\"EntryPoint\",\"urlTemplate\":\"https:\\\/\\\/www.ibero.org\\\/?s={search_term_string}\"},\"query-input\":{\"@type\":\"PropertyValueSpecification\",\"valueRequired\":true,\"valueName\":\"search_term_string\"}}],\"inLanguage\":\"es\"},{\"@type\":\"Organization\",\"@id\":\"https:\\\/\\\/www.ibero.org\\\/#organization\",\"name\":\"Ibero\",\"url\":\"https:\\\/\\\/www.ibero.org\\\/\",\"logo\":{\"@type\":\"ImageObject\",\"inLanguage\":\"es\",\"@id\":\"https:\\\/\\\/www.ibero.org\\\/#\\\/schema\\\/logo\\\/image\\\/\",\"url\":\"https:\\\/\\\/www.ibero.org\\\/wp-content\\\/uploads\\\/2020\\\/05\\\/ibero-logo.jpg\",\"contentUrl\":\"https:\\\/\\\/www.ibero.org\\\/wp-content\\\/uploads\\\/2020\\\/05\\\/ibero-logo.jpg\",\"width\":268,\"height\":72,\"caption\":\"Ibero\"},\"image\":{\"@id\":\"https:\\\/\\\/www.ibero.org\\\/#\\\/schema\\\/logo\\\/image\\\/\"}},{\"@type\":\"Person\",\"@id\":\"https:\\\/\\\/www.ibero.org\\\/#\\\/schema\\\/person\\\/b571cc38e133db09b814ddc7e9470f8e\",\"name\":\"Ibero Admin\",\"image\":{\"@type\":\"ImageObject\",\"inLanguage\":\"es\",\"@id\":\"https:\\\/\\\/secure.gravatar.com\\\/avatar\\\/9929062ef43506fde9db93aebea6ca3613151abdf0c5f1c38077787648ed4bfb?s=96&d=mm&r=g\",\"url\":\"https:\\\/\\\/secure.gravatar.com\\\/avatar\\\/9929062ef43506fde9db93aebea6ca3613151abdf0c5f1c38077787648ed4bfb?s=96&d=mm&r=g\",\"contentUrl\":\"https:\\\/\\\/secure.gravatar.com\\\/avatar\\\/9929062ef43506fde9db93aebea6ca3613151abdf0c5f1c38077787648ed4bfb?s=96&d=mm&r=g\",\"caption\":\"Ibero Admin\"},\"url\":\"https:\\\/\\\/www.ibero.org\\\/es\\\/author\\\/iberoadmin\\\/\"}]}<\/script>\n<!-- \/ Yoast SEO plugin. -->","yoast_head_json":{"title":"What is Juneteenth? - Ibero","robots":{"index":"index","follow":"follow","max-snippet":"max-snippet:-1","max-image-preview":"max-image-preview:large","max-video-preview":"max-video-preview:-1"},"canonical":"https:\/\/www.ibero.org\/es\/juneteenth\/","og_locale":"es_ES","og_type":"article","og_title":"What is Juneteenth? - Ibero","og_description":"Juneteenth flag Pan African flag often used for Juneteenth celebrations \u00bfQu\u00e9 es Juneteenth? Many Americans across the United States are new to hearing about Juneteenth, however it is not a new holiday. It has been celebrated annually by many since the 1860s. Juneteenth is a celebration of African American freedom and culture. The holiday commemorates [&hellip;]","og_url":"https:\/\/www.ibero.org\/es\/juneteenth\/","og_site_name":"Ibero","article_published_time":"2021-06-18T18:43:33+00:00","article_modified_time":"2021-06-18T19:00:26+00:00","og_image":[{"url":"https:\/\/www.ibero.org\/wp-content\/uploads\/2021\/06\/Juneteenth-Flag-_-Red-Blue-1024x617.png","type":"","width":"","height":""}],"author":"Ibero Admin","twitter_card":"summary_large_image","twitter_misc":{"Escrito por":"Ibero Admin","Tiempo de lectura":"3 minutos"},"schema":{"@context":"https:\/\/schema.org","@graph":[{"@type":"Article","@id":"https:\/\/www.ibero.org\/juneteenth\/#article","isPartOf":{"@id":"https:\/\/www.ibero.org\/juneteenth\/"},"author":{"name":"Ibero Admin","@id":"https:\/\/www.ibero.org\/#\/schema\/person\/b571cc38e133db09b814ddc7e9470f8e"},"headline":"What is Juneteenth?","datePublished":"2021-06-18T18:43:33+00:00","dateModified":"2021-06-18T19:00:26+00:00","mainEntityOfPage":{"@id":"https:\/\/www.ibero.org\/juneteenth\/"},"wordCount":287,"publisher":{"@id":"https:\/\/www.ibero.org\/#organization"},"image":{"@id":"https:\/\/www.ibero.org\/juneteenth\/#primaryimage"},"thumbnailUrl":"https:\/\/www.ibero.org\/wp-content\/uploads\/2021\/06\/Juneteenth-Flag-_-Red-Blue-1024x617.png","articleSection":["Uncategorized"],"inLanguage":"es"},{"@type":"WebPage","@id":"https:\/\/www.ibero.org\/juneteenth\/","url":"https:\/\/www.ibero.org\/juneteenth\/","name":"What is Juneteenth? - Ibero","isPartOf":{"@id":"https:\/\/www.ibero.org\/#website"},"primaryImageOfPage":{"@id":"https:\/\/www.ibero.org\/juneteenth\/#primaryimage"},"image":{"@id":"https:\/\/www.ibero.org\/juneteenth\/#primaryimage"},"thumbnailUrl":"https:\/\/www.ibero.org\/wp-content\/uploads\/2021\/06\/Juneteenth-Flag-_-Red-Blue-1024x617.png","datePublished":"2021-06-18T18:43:33+00:00","dateModified":"2021-06-18T19:00:26+00:00","breadcrumb":{"@id":"https:\/\/www.ibero.org\/juneteenth\/#breadcrumb"},"inLanguage":"es","potentialAction":[{"@type":"ReadAction","target":["https:\/\/www.ibero.org\/juneteenth\/"]}]},{"@type":"ImageObject","inLanguage":"es","@id":"https:\/\/www.ibero.org\/juneteenth\/#primaryimage","url":"https:\/\/www.ibero.org\/wp-content\/uploads\/2021\/06\/Juneteenth-Flag-_-Red-Blue-1024x617.png","contentUrl":"https:\/\/www.ibero.org\/wp-content\/uploads\/2021\/06\/Juneteenth-Flag-_-Red-Blue-1024x617.png"},{"@type":"BreadcrumbList","@id":"https:\/\/www.ibero.org\/juneteenth\/#breadcrumb","itemListElement":[{"@type":"ListItem","position":1,"name":"Home","item":"https:\/\/www.ibero.org\/"},{"@type":"ListItem","position":2,"name":"What is Juneteenth?"}]},{"@type":"WebSite","@id":"https:\/\/www.ibero.org\/#website","url":"https:\/\/www.ibero.org\/","name":"Ibero","description":"American Action League","publisher":{"@id":"https:\/\/www.ibero.org\/#organization"},"potentialAction":[{"@type":"SearchAction","target":{"@type":"EntryPoint","urlTemplate":"https:\/\/www.ibero.org\/?s={search_term_string}"},"query-input":{"@type":"PropertyValueSpecification","valueRequired":true,"valueName":"search_term_string"}}],"inLanguage":"es"},{"@type":"Organization","@id":"https:\/\/www.ibero.org\/#organization","name":"Ibero","url":"https:\/\/www.ibero.org\/","logo":{"@type":"ImageObject","inLanguage":"es","@id":"https:\/\/www.ibero.org\/#\/schema\/logo\/image\/","url":"https:\/\/www.ibero.org\/wp-content\/uploads\/2020\/05\/ibero-logo.jpg","contentUrl":"https:\/\/www.ibero.org\/wp-content\/uploads\/2020\/05\/ibero-logo.jpg","width":268,"height":72,"caption":"Ibero"},"image":{"@id":"https:\/\/www.ibero.org\/#\/schema\/logo\/image\/"}},{"@type":"Person","@id":"https:\/\/www.ibero.org\/#\/schema\/person\/b571cc38e133db09b814ddc7e9470f8e","name":"Ibero Admin","image":{"@type":"ImageObject","inLanguage":"es","@id":"https:\/\/secure.gravatar.com\/avatar\/9929062ef43506fde9db93aebea6ca3613151abdf0c5f1c38077787648ed4bfb?s=96&d=mm&r=g","url":"https:\/\/secure.gravatar.com\/avatar\/9929062ef43506fde9db93aebea6ca3613151abdf0c5f1c38077787648ed4bfb?s=96&d=mm&r=g","contentUrl":"https:\/\/secure.gravatar.com\/avatar\/9929062ef43506fde9db93aebea6ca3613151abdf0c5f1c38077787648ed4bfb?s=96&d=mm&r=g","caption":"Ibero Admin"},"url":"https:\/\/www.ibero.org\/es\/author\/iberoadmin\/"}]}},"_links":{"self":[{"href":"https:\/\/www.ibero.org\/es\/wp-json\/wp\/v2\/posts\/2613","targetHints":{"allow":["GET"]}}],"collection":[{"href":"https:\/\/www.ibero.org\/es\/wp-json\/wp\/v2\/posts"}],"about":[{"href":"https:\/\/www.ibero.org\/es\/wp-json\/wp\/v2\/types\/post"}],"author":[{"embeddable":true,"href":"https:\/\/www.ibero.org\/es\/wp-json\/wp\/v2\/users\/17"}],"replies":[{"embeddable":true,"href":"https:\/\/www.ibero.org\/es\/wp-json\/wp\/v2\/comments?post=2613"}],"version-history":[{"count":0,"href":"https:\/\/www.ibero.org\/es\/wp-json\/wp\/v2\/posts\/2613\/revisions"}],"wp:attachment":[{"href":"https:\/\/www.ibero.org\/es\/wp-json\/wp\/v2\/media?parent=2613"}],"wp:term":[{"taxonomy":"category","embeddable":true,"href":"https:\/\/www.ibero.org\/es\/wp-json\/wp\/v2\/categories?post=2613"},{"taxonomy":"post_tag","embeddable":true,"href":"https:\/\/www.ibero.org\/es\/wp-json\/wp\/v2\/tags?post=2613"}],"curies":[{"name":"wp","href":"https:\/\/api.w.org\/{rel}","templated":true}]}}