{"id":2277,"date":"2021-02-01T17:51:53","date_gmt":"2021-02-01T17:51:53","guid":{"rendered":"https:\/\/www.ibero.org\/?p=2277"},"modified":"2021-02-24T17:05:10","modified_gmt":"2021-02-24T17:05:10","slug":"vacuna","status":"publish","type":"post","link":"https:\/\/www.ibero.org\/es\/vacuna\/","title":{"rendered":"Nuevo lugar temporal para vacunaci\u00f3n, St. Paul Street y Avenue E"},"content":{"rendered":"<h4>Para programar una cita en l\u00ednea, visite: <a href=\"http:\/\/am-i-eligible.covid19vaccine.health.ny.gov\/\">am-i-eligible.covid19vaccine.health.ny.gov<\/a>.<\/h4>\n<p>&nbsp;<\/p>\n<p><img fetchpriority=\"high\" decoding=\"async\" class=\"wp-image-2389 aligncenter\" src=\"https:\/\/www.ibero.org\/wp-content\/uploads\/2021\/02\/SPANISH-Vaccination-social-media-flyer-2-300x300.png\" alt=\"\" width=\"390\" height=\"390\" srcset=\"https:\/\/www.ibero.org\/wp-content\/uploads\/2021\/02\/SPANISH-Vaccination-social-media-flyer-2-300x300.png 300w, https:\/\/www.ibero.org\/wp-content\/uploads\/2021\/02\/SPANISH-Vaccination-social-media-flyer-2-1024x1024.png 1024w, https:\/\/www.ibero.org\/wp-content\/uploads\/2021\/02\/SPANISH-Vaccination-social-media-flyer-2-150x150.png 150w, https:\/\/www.ibero.org\/wp-content\/uploads\/2021\/02\/SPANISH-Vaccination-social-media-flyer-2-768x768.png 768w, https:\/\/www.ibero.org\/wp-content\/uploads\/2021\/02\/SPANISH-Vaccination-social-media-flyer-2-12x12.png 12w, https:\/\/www.ibero.org\/wp-content\/uploads\/2021\/02\/SPANISH-Vaccination-social-media-flyer-2.png 1080w\" sizes=\"(max-width: 390px) 100vw, 390px\" \/><\/p>\n<p>&nbsp;<\/p>\n<p>&nbsp;<\/p>\n<p>&nbsp;<\/p>\n<p>&nbsp;<\/p>\n<p>&nbsp;<\/p>\n<p>&nbsp;<\/p>\n<p>&nbsp;<\/p>\n<p>&nbsp;<\/p>\n<p>&nbsp;<\/p>\n<p>&nbsp;<\/p>\n<p>&nbsp;<\/p>\n<p>&nbsp;<\/p>\n<p>&nbsp;<\/p>\n<p>Otras Noticias:<\/p>\n<p>&nbsp;<\/p>\n<h1>Charlas de Salud<\/h1>\n<p>&nbsp;<\/p>\n<p><span class=\"JsGRdQ\">La Dra. Tamara Wilson-Cisnero y otros proveedores de servicios de salud del \u00e1rea de Rochester y el Condado de Monroe, estar\u00e1n hablando del COVID-19 y de las vacunas que est\u00e1n disponibles.<\/span><\/p>\n<p><img decoding=\"async\" class=\"wp-image-2279 alignright\" src=\"https:\/\/www.ibero.org\/wp-content\/uploads\/2020\/12\/Tamara-Wilson-Cisnero-225x300.png\" alt=\"\" width=\"376\" height=\"501\" srcset=\"https:\/\/www.ibero.org\/wp-content\/uploads\/2020\/12\/Tamara-Wilson-Cisnero-225x300.png 225w, https:\/\/www.ibero.org\/wp-content\/uploads\/2020\/12\/Tamara-Wilson-Cisnero-768x1024.png 768w, https:\/\/www.ibero.org\/wp-content\/uploads\/2020\/12\/Tamara-Wilson-Cisnero-300x400.png 300w, https:\/\/www.ibero.org\/wp-content\/uploads\/2020\/12\/Tamara-Wilson-Cisnero-1152x1536.png 1152w, https:\/\/www.ibero.org\/wp-content\/uploads\/2020\/12\/Tamara-Wilson-Cisnero-1536x2048.png 1536w, https:\/\/www.ibero.org\/wp-content\/uploads\/2020\/12\/Tamara-Wilson-Cisnero-9x12.png 9w\" sizes=\"(max-width: 376px) 100vw, 376px\" \/><\/p>\n<p>&nbsp;<\/p>\n<p><strong>11 de enero<\/strong>: <a href=\"https:\/\/www.facebook.com\/iberoroc\/videos\/156134772713160\/?__so__=channel_tab&amp;__rv__=all_videos_card\">Charlas de Salud con UR Medicine, Monroe County Public Health y otros proveedores de salud.<\/a><\/p>\n<p>&nbsp;<\/p>\n<p><strong>18 de enero<\/strong>: <a href=\"https:\/\/www.facebook.com\/iberoroc\/videos\/825073601556849\/?__so__=channel_tab&amp;__rv__=all_videos_card\">Charlas de Salud con Excellus BlueCross BlueShield y Rochester Regional Health<\/a><\/p>\n<p>&nbsp;<\/p>\n<p><strong>25 de enero<\/strong>: <a href=\"https:\/\/www.facebook.com\/iberoroc\/videos\/212773927241931\/?__so__=channel_tab&amp;__rv__=all_videos_card\">Charlas de Salud con Trillium Health<\/a><\/p>\n<p>&nbsp;<\/p>\n<p><strong>1 de febrero<\/strong>: <a href=\"https:\/\/www.facebook.com\/iberoroc\/videos\/1565690520434118\/?__so__=channel_tab&amp;__rv__=all_videos_card\">Charlas de Salud con proveedores de salud<\/a><\/p>\n<p>&nbsp;<\/p>\n<p><strong>8 de febrero<\/strong>: <a href=\"https:\/\/www.facebook.com\/iberoroc\/videos\/423960802036841\/?__so__=channel_tab&amp;__rv__=all_videos_card\">Charlas de Salud con Rochester Regional Health<\/a><\/p>\n<p>&nbsp;<\/p>","protected":false},"excerpt":{"rendered":"<p>Para programar una cita en l\u00ednea, visite: am-i-eligible.covid19vaccine.health.ny.gov. &nbsp; &nbsp; &nbsp; &nbsp; &nbsp; &nbsp; &nbsp; &nbsp; &nbsp; &nbsp; &nbsp; &nbsp; &nbsp; &nbsp; Otras Noticias: &nbsp; Charlas de Salud &nbsp; La Dra. Tamara Wilson-Cisnero y otros proveedores de servicios de salud del \u00e1rea de Rochester y el Condado de Monroe, estar\u00e1n hablando del COVID-19 y de [&hellip;]<\/p>\n","protected":false},"author":17,"featured_media":0,"comment_status":"closed","ping_status":"open","sticky":false,"template":"","format":"standard","meta":{"_acf_changed":false,"footnotes":""},"categories":[1],"tags":[],"class_list":["post-2277","post","type-post","status-publish","format-standard","hentry","category-uncategorized"],"acf":[],"yoast_head":"<!-- This site is optimized with the Yoast SEO plugin v27.5 - https:\/\/yoast.com\/product\/yoast-seo-wordpress\/ -->\n<title>Nuevo lugar temporal para vacunaci\u00f3n, St. Paul Street y Avenue E - Ibero<\/title>\n<meta name=\"robots\" content=\"index, follow, max-snippet:-1, max-image-preview:large, max-video-preview:-1\" \/>\n<link rel=\"canonical\" href=\"https:\/\/www.ibero.org\/es\/vacuna\/\" \/>\n<meta property=\"og:locale\" content=\"es_ES\" \/>\n<meta property=\"og:type\" content=\"article\" \/>\n<meta property=\"og:title\" content=\"Nuevo lugar temporal para vacunaci\u00f3n, St. Paul Street y Avenue E - Ibero\" \/>\n<meta property=\"og:description\" content=\"Para programar una cita en l\u00ednea, visite: am-i-eligible.covid19vaccine.health.ny.gov. &nbsp; &nbsp; &nbsp; &nbsp; &nbsp; &nbsp; &nbsp; &nbsp; &nbsp; &nbsp; &nbsp; &nbsp; &nbsp; &nbsp; Otras Noticias: &nbsp; Charlas de Salud &nbsp; La Dra. Tamara Wilson-Cisnero y otros proveedores de servicios de salud del \u00e1rea de Rochester y el Condado de Monroe, estar\u00e1n hablando del COVID-19 y de [&hellip;]\" \/>\n<meta property=\"og:url\" content=\"https:\/\/www.ibero.org\/es\/vacuna\/\" \/>\n<meta property=\"og:site_name\" content=\"Ibero\" \/>\n<meta property=\"article:published_time\" content=\"2021-02-01T17:51:53+00:00\" \/>\n<meta property=\"article:modified_time\" content=\"2021-02-24T17:05:10+00:00\" \/>\n<meta property=\"og:image\" content=\"https:\/\/www.ibero.org\/wp-content\/uploads\/2021\/02\/SPANISH-Vaccination-social-media-flyer-2-300x300.png\" \/>\n<meta name=\"author\" content=\"Ibero Admin\" \/>\n<meta name=\"twitter:card\" content=\"summary_large_image\" \/>\n<meta name=\"twitter:label1\" content=\"Escrito por\" \/>\n\t<meta name=\"twitter:data1\" content=\"Ibero Admin\" \/>\n\t<meta name=\"twitter:label2\" content=\"Tiempo de lectura\" \/>\n\t<meta name=\"twitter:data2\" content=\"1 minuto\" \/>\n<script type=\"application\/ld+json\" class=\"yoast-schema-graph\">{\"@context\":\"https:\\\/\\\/schema.org\",\"@graph\":[{\"@type\":\"Article\",\"@id\":\"https:\\\/\\\/www.ibero.org\\\/vacuna\\\/#article\",\"isPartOf\":{\"@id\":\"https:\\\/\\\/www.ibero.org\\\/vacuna\\\/\"},\"author\":{\"name\":\"Ibero Admin\",\"@id\":\"https:\\\/\\\/www.ibero.org\\\/#\\\/schema\\\/person\\\/b571cc38e133db09b814ddc7e9470f8e\"},\"headline\":\"Nuevo lugar temporal para vacunaci\u00f3n, St. Paul Street y Avenue E\",\"datePublished\":\"2021-02-01T17:51:53+00:00\",\"dateModified\":\"2021-02-24T17:05:10+00:00\",\"mainEntityOfPage\":{\"@id\":\"https:\\\/\\\/www.ibero.org\\\/vacuna\\\/\"},\"wordCount\":142,\"publisher\":{\"@id\":\"https:\\\/\\\/www.ibero.org\\\/#organization\"},\"image\":{\"@id\":\"https:\\\/\\\/www.ibero.org\\\/vacuna\\\/#primaryimage\"},\"thumbnailUrl\":\"https:\\\/\\\/www.ibero.org\\\/wp-content\\\/uploads\\\/2021\\\/02\\\/SPANISH-Vaccination-social-media-flyer-2-300x300.png\",\"articleSection\":[\"Uncategorized\"],\"inLanguage\":\"es\"},{\"@type\":\"WebPage\",\"@id\":\"https:\\\/\\\/www.ibero.org\\\/vacuna\\\/\",\"url\":\"https:\\\/\\\/www.ibero.org\\\/vacuna\\\/\",\"name\":\"Nuevo lugar temporal para vacunaci\u00f3n, St. Paul Street y Avenue E - Ibero\",\"isPartOf\":{\"@id\":\"https:\\\/\\\/www.ibero.org\\\/#website\"},\"primaryImageOfPage\":{\"@id\":\"https:\\\/\\\/www.ibero.org\\\/vacuna\\\/#primaryimage\"},\"image\":{\"@id\":\"https:\\\/\\\/www.ibero.org\\\/vacuna\\\/#primaryimage\"},\"thumbnailUrl\":\"https:\\\/\\\/www.ibero.org\\\/wp-content\\\/uploads\\\/2021\\\/02\\\/SPANISH-Vaccination-social-media-flyer-2-300x300.png\",\"datePublished\":\"2021-02-01T17:51:53+00:00\",\"dateModified\":\"2021-02-24T17:05:10+00:00\",\"breadcrumb\":{\"@id\":\"https:\\\/\\\/www.ibero.org\\\/vacuna\\\/#breadcrumb\"},\"inLanguage\":\"es\",\"potentialAction\":[{\"@type\":\"ReadAction\",\"target\":[\"https:\\\/\\\/www.ibero.org\\\/vacuna\\\/\"]}]},{\"@type\":\"ImageObject\",\"inLanguage\":\"es\",\"@id\":\"https:\\\/\\\/www.ibero.org\\\/vacuna\\\/#primaryimage\",\"url\":\"https:\\\/\\\/www.ibero.org\\\/wp-content\\\/uploads\\\/2021\\\/02\\\/SPANISH-Vaccination-social-media-flyer-2-300x300.png\",\"contentUrl\":\"https:\\\/\\\/www.ibero.org\\\/wp-content\\\/uploads\\\/2021\\\/02\\\/SPANISH-Vaccination-social-media-flyer-2-300x300.png\"},{\"@type\":\"BreadcrumbList\",\"@id\":\"https:\\\/\\\/www.ibero.org\\\/vacuna\\\/#breadcrumb\",\"itemListElement\":[{\"@type\":\"ListItem\",\"position\":1,\"name\":\"Home\",\"item\":\"https:\\\/\\\/www.ibero.org\\\/\"},{\"@type\":\"ListItem\",\"position\":2,\"name\":\"Nuevo lugar temporal para vacunaci\u00f3n, St. Paul Street y Avenue E\"}]},{\"@type\":\"WebSite\",\"@id\":\"https:\\\/\\\/www.ibero.org\\\/#website\",\"url\":\"https:\\\/\\\/www.ibero.org\\\/\",\"name\":\"Ibero\",\"description\":\"American Action League\",\"publisher\":{\"@id\":\"https:\\\/\\\/www.ibero.org\\\/#organization\"},\"potentialAction\":[{\"@type\":\"SearchAction\",\"target\":{\"@type\":\"EntryPoint\",\"urlTemplate\":\"https:\\\/\\\/www.ibero.org\\\/?s={search_term_string}\"},\"query-input\":{\"@type\":\"PropertyValueSpecification\",\"valueRequired\":true,\"valueName\":\"search_term_string\"}}],\"inLanguage\":\"es\"},{\"@type\":\"Organization\",\"@id\":\"https:\\\/\\\/www.ibero.org\\\/#organization\",\"name\":\"Ibero\",\"url\":\"https:\\\/\\\/www.ibero.org\\\/\",\"logo\":{\"@type\":\"ImageObject\",\"inLanguage\":\"es\",\"@id\":\"https:\\\/\\\/www.ibero.org\\\/#\\\/schema\\\/logo\\\/image\\\/\",\"url\":\"https:\\\/\\\/www.ibero.org\\\/wp-content\\\/uploads\\\/2020\\\/05\\\/ibero-logo.jpg\",\"contentUrl\":\"https:\\\/\\\/www.ibero.org\\\/wp-content\\\/uploads\\\/2020\\\/05\\\/ibero-logo.jpg\",\"width\":268,\"height\":72,\"caption\":\"Ibero\"},\"image\":{\"@id\":\"https:\\\/\\\/www.ibero.org\\\/#\\\/schema\\\/logo\\\/image\\\/\"}},{\"@type\":\"Person\",\"@id\":\"https:\\\/\\\/www.ibero.org\\\/#\\\/schema\\\/person\\\/b571cc38e133db09b814ddc7e9470f8e\",\"name\":\"Ibero Admin\",\"image\":{\"@type\":\"ImageObject\",\"inLanguage\":\"es\",\"@id\":\"https:\\\/\\\/secure.gravatar.com\\\/avatar\\\/9929062ef43506fde9db93aebea6ca3613151abdf0c5f1c38077787648ed4bfb?s=96&d=mm&r=g\",\"url\":\"https:\\\/\\\/secure.gravatar.com\\\/avatar\\\/9929062ef43506fde9db93aebea6ca3613151abdf0c5f1c38077787648ed4bfb?s=96&d=mm&r=g\",\"contentUrl\":\"https:\\\/\\\/secure.gravatar.com\\\/avatar\\\/9929062ef43506fde9db93aebea6ca3613151abdf0c5f1c38077787648ed4bfb?s=96&d=mm&r=g\",\"caption\":\"Ibero Admin\"},\"url\":\"https:\\\/\\\/www.ibero.org\\\/es\\\/author\\\/iberoadmin\\\/\"}]}<\/script>\n<!-- \/ Yoast SEO plugin. -->","yoast_head_json":{"title":"Nuevo lugar temporal para vacunaci\u00f3n, St. Paul Street y Avenue E - Ibero","robots":{"index":"index","follow":"follow","max-snippet":"max-snippet:-1","max-image-preview":"max-image-preview:large","max-video-preview":"max-video-preview:-1"},"canonical":"https:\/\/www.ibero.org\/es\/vacuna\/","og_locale":"es_ES","og_type":"article","og_title":"Nuevo lugar temporal para vacunaci\u00f3n, St. Paul Street y Avenue E - Ibero","og_description":"Para programar una cita en l\u00ednea, visite: am-i-eligible.covid19vaccine.health.ny.gov. &nbsp; &nbsp; &nbsp; &nbsp; &nbsp; &nbsp; &nbsp; &nbsp; &nbsp; &nbsp; &nbsp; &nbsp; &nbsp; &nbsp; Otras Noticias: &nbsp; Charlas de Salud &nbsp; La Dra. Tamara Wilson-Cisnero y otros proveedores de servicios de salud del \u00e1rea de Rochester y el Condado de Monroe, estar\u00e1n hablando del COVID-19 y de [&hellip;]","og_url":"https:\/\/www.ibero.org\/es\/vacuna\/","og_site_name":"Ibero","article_published_time":"2021-02-01T17:51:53+00:00","article_modified_time":"2021-02-24T17:05:10+00:00","og_image":[{"url":"https:\/\/www.ibero.org\/wp-content\/uploads\/2021\/02\/SPANISH-Vaccination-social-media-flyer-2-300x300.png","type":"","width":"","height":""}],"author":"Ibero Admin","twitter_card":"summary_large_image","twitter_misc":{"Escrito por":"Ibero Admin","Tiempo de lectura":"1 minuto"},"schema":{"@context":"https:\/\/schema.org","@graph":[{"@type":"Article","@id":"https:\/\/www.ibero.org\/vacuna\/#article","isPartOf":{"@id":"https:\/\/www.ibero.org\/vacuna\/"},"author":{"name":"Ibero Admin","@id":"https:\/\/www.ibero.org\/#\/schema\/person\/b571cc38e133db09b814ddc7e9470f8e"},"headline":"Nuevo lugar temporal para vacunaci\u00f3n, St. Paul Street y Avenue E","datePublished":"2021-02-01T17:51:53+00:00","dateModified":"2021-02-24T17:05:10+00:00","mainEntityOfPage":{"@id":"https:\/\/www.ibero.org\/vacuna\/"},"wordCount":142,"publisher":{"@id":"https:\/\/www.ibero.org\/#organization"},"image":{"@id":"https:\/\/www.ibero.org\/vacuna\/#primaryimage"},"thumbnailUrl":"https:\/\/www.ibero.org\/wp-content\/uploads\/2021\/02\/SPANISH-Vaccination-social-media-flyer-2-300x300.png","articleSection":["Uncategorized"],"inLanguage":"es"},{"@type":"WebPage","@id":"https:\/\/www.ibero.org\/vacuna\/","url":"https:\/\/www.ibero.org\/vacuna\/","name":"Nuevo lugar temporal para vacunaci\u00f3n, St. Paul Street y Avenue E - Ibero","isPartOf":{"@id":"https:\/\/www.ibero.org\/#website"},"primaryImageOfPage":{"@id":"https:\/\/www.ibero.org\/vacuna\/#primaryimage"},"image":{"@id":"https:\/\/www.ibero.org\/vacuna\/#primaryimage"},"thumbnailUrl":"https:\/\/www.ibero.org\/wp-content\/uploads\/2021\/02\/SPANISH-Vaccination-social-media-flyer-2-300x300.png","datePublished":"2021-02-01T17:51:53+00:00","dateModified":"2021-02-24T17:05:10+00:00","breadcrumb":{"@id":"https:\/\/www.ibero.org\/vacuna\/#breadcrumb"},"inLanguage":"es","potentialAction":[{"@type":"ReadAction","target":["https:\/\/www.ibero.org\/vacuna\/"]}]},{"@type":"ImageObject","inLanguage":"es","@id":"https:\/\/www.ibero.org\/vacuna\/#primaryimage","url":"https:\/\/www.ibero.org\/wp-content\/uploads\/2021\/02\/SPANISH-Vaccination-social-media-flyer-2-300x300.png","contentUrl":"https:\/\/www.ibero.org\/wp-content\/uploads\/2021\/02\/SPANISH-Vaccination-social-media-flyer-2-300x300.png"},{"@type":"BreadcrumbList","@id":"https:\/\/www.ibero.org\/vacuna\/#breadcrumb","itemListElement":[{"@type":"ListItem","position":1,"name":"Home","item":"https:\/\/www.ibero.org\/"},{"@type":"ListItem","position":2,"name":"Nuevo lugar temporal para vacunaci\u00f3n, St. Paul Street y Avenue E"}]},{"@type":"WebSite","@id":"https:\/\/www.ibero.org\/#website","url":"https:\/\/www.ibero.org\/","name":"Ibero","description":"American Action League","publisher":{"@id":"https:\/\/www.ibero.org\/#organization"},"potentialAction":[{"@type":"SearchAction","target":{"@type":"EntryPoint","urlTemplate":"https:\/\/www.ibero.org\/?s={search_term_string}"},"query-input":{"@type":"PropertyValueSpecification","valueRequired":true,"valueName":"search_term_string"}}],"inLanguage":"es"},{"@type":"Organization","@id":"https:\/\/www.ibero.org\/#organization","name":"Ibero","url":"https:\/\/www.ibero.org\/","logo":{"@type":"ImageObject","inLanguage":"es","@id":"https:\/\/www.ibero.org\/#\/schema\/logo\/image\/","url":"https:\/\/www.ibero.org\/wp-content\/uploads\/2020\/05\/ibero-logo.jpg","contentUrl":"https:\/\/www.ibero.org\/wp-content\/uploads\/2020\/05\/ibero-logo.jpg","width":268,"height":72,"caption":"Ibero"},"image":{"@id":"https:\/\/www.ibero.org\/#\/schema\/logo\/image\/"}},{"@type":"Person","@id":"https:\/\/www.ibero.org\/#\/schema\/person\/b571cc38e133db09b814ddc7e9470f8e","name":"Ibero Admin","image":{"@type":"ImageObject","inLanguage":"es","@id":"https:\/\/secure.gravatar.com\/avatar\/9929062ef43506fde9db93aebea6ca3613151abdf0c5f1c38077787648ed4bfb?s=96&d=mm&r=g","url":"https:\/\/secure.gravatar.com\/avatar\/9929062ef43506fde9db93aebea6ca3613151abdf0c5f1c38077787648ed4bfb?s=96&d=mm&r=g","contentUrl":"https:\/\/secure.gravatar.com\/avatar\/9929062ef43506fde9db93aebea6ca3613151abdf0c5f1c38077787648ed4bfb?s=96&d=mm&r=g","caption":"Ibero Admin"},"url":"https:\/\/www.ibero.org\/es\/author\/iberoadmin\/"}]}},"_links":{"self":[{"href":"https:\/\/www.ibero.org\/es\/wp-json\/wp\/v2\/posts\/2277","targetHints":{"allow":["GET"]}}],"collection":[{"href":"https:\/\/www.ibero.org\/es\/wp-json\/wp\/v2\/posts"}],"about":[{"href":"https:\/\/www.ibero.org\/es\/wp-json\/wp\/v2\/types\/post"}],"author":[{"embeddable":true,"href":"https:\/\/www.ibero.org\/es\/wp-json\/wp\/v2\/users\/17"}],"replies":[{"embeddable":true,"href":"https:\/\/www.ibero.org\/es\/wp-json\/wp\/v2\/comments?post=2277"}],"version-history":[{"count":0,"href":"https:\/\/www.ibero.org\/es\/wp-json\/wp\/v2\/posts\/2277\/revisions"}],"wp:attachment":[{"href":"https:\/\/www.ibero.org\/es\/wp-json\/wp\/v2\/media?parent=2277"}],"wp:term":[{"taxonomy":"category","embeddable":true,"href":"https:\/\/www.ibero.org\/es\/wp-json\/wp\/v2\/categories?post=2277"},{"taxonomy":"post_tag","embeddable":true,"href":"https:\/\/www.ibero.org\/es\/wp-json\/wp\/v2\/tags?post=2277"}],"curies":[{"name":"wp","href":"https:\/\/api.w.org\/{rel}","templated":true}]}}